{"id":2478,"date":"2015-12-22T18:00:00","date_gmt":"2015-12-22T17:00:00","guid":{"rendered":"http:\/\/711lab.com\/?p=2478"},"modified":"2020-02-27T15:48:02","modified_gmt":"2020-02-27T14:48:02","slug":"think-thank","status":"publish","type":"post","link":"http:\/\/711lab.com\/?p=2478","title":{"rendered":"Think Tanks (EWS)"},"content":{"rendered":"<p><strong>Expertengespr\u00e4che im Rahmen des Entwicklungskonzeptes f\u00fcr Stuttgarter Gewerbegebiete (EWS)<\/strong><\/p>\n<p><!--more--><\/p>\n<p>Dokumentation Expertengespr\u00e4che | THINK TANKS\u00a0Stuttgart 2015<img loading=\"lazy\" decoding=\"async\" class=\"alignnone size-full wp-image-79\" src=\"http:\/\/711lab.com\/wp-content\/uploads\/2016\/11\/170113_711_line.jpg\" alt=\"\" width=\"540\" height=\"1\" srcset=\"http:\/\/711lab.com\/wp-content\/uploads\/2016\/11\/170113_711_line.jpg 540w, http:\/\/711lab.com\/wp-content\/uploads\/2016\/11\/170113_711_line-150x1.jpg 150w, http:\/\/711lab.com\/wp-content\/uploads\/2016\/11\/170113_711_line-300x1.jpg 300w, http:\/\/711lab.com\/wp-content\/uploads\/2016\/11\/170113_711_line-220x1.jpg 220w, http:\/\/711lab.com\/wp-content\/uploads\/2016\/11\/170113_711_line-200x1.jpg 200w, http:\/\/711lab.com\/wp-content\/uploads\/2016\/11\/170113_711_line-430x1.jpg 430w\" sizes=\"auto, (max-width: 540px) 100vw, 540px\" \/><\/p>\n<p><img loading=\"lazy\" decoding=\"async\" class=\"alignnone size-full wp-image-5021\" src=\"http:\/\/711lab.com\/wp-content\/uploads\/2017\/08\/15_EWST_Image01_S.jpg\" alt=\"\" width=\"262\" height=\"196\" srcset=\"http:\/\/711lab.com\/wp-content\/uploads\/2017\/08\/15_EWST_Image01_S.jpg 262w, http:\/\/711lab.com\/wp-content\/uploads\/2017\/08\/15_EWST_Image01_S-200x150.jpg 200w\" sizes=\"auto, (max-width: 262px) 100vw, 262px\" \/> <img loading=\"lazy\" decoding=\"async\" class=\"alignnone size-medium wp-image-5022\" src=\"http:\/\/711lab.com\/wp-content\/uploads\/2017\/08\/15_EWST_Image02_S.jpg\" alt=\"\" width=\"262\" height=\"196\" srcset=\"http:\/\/711lab.com\/wp-content\/uploads\/2017\/08\/15_EWST_Image02_S.jpg 262w, http:\/\/711lab.com\/wp-content\/uploads\/2017\/08\/15_EWST_Image02_S-200x150.jpg 200w\" sizes=\"auto, (max-width: 262px) 100vw, 262px\" \/> <img loading=\"lazy\" decoding=\"async\" class=\"alignnone size-medium wp-image-5023\" src=\"http:\/\/711lab.com\/wp-content\/uploads\/2017\/08\/15_EWST_Image03_S.jpg\" alt=\"\" width=\"262\" height=\"196\" srcset=\"http:\/\/711lab.com\/wp-content\/uploads\/2017\/08\/15_EWST_Image03_S.jpg 262w, http:\/\/711lab.com\/wp-content\/uploads\/2017\/08\/15_EWST_Image03_S-200x150.jpg 200w\" sizes=\"auto, (max-width: 262px) 100vw, 262px\" \/> <img loading=\"lazy\" decoding=\"async\" class=\"alignnone size-medium wp-image-5024\" src=\"http:\/\/711lab.com\/wp-content\/uploads\/2017\/08\/15_EWST_Image04_S.jpg\" alt=\"\" width=\"262\" height=\"196\" srcset=\"http:\/\/711lab.com\/wp-content\/uploads\/2017\/08\/15_EWST_Image04_S.jpg 262w, http:\/\/711lab.com\/wp-content\/uploads\/2017\/08\/15_EWST_Image04_S-200x150.jpg 200w\" sizes=\"auto, (max-width: 262px) 100vw, 262px\" \/><img loading=\"lazy\" decoding=\"async\" class=\"alignnone wp-image-79 size-full\" src=\"http:\/\/711lab.com\/wp-content\/uploads\/2016\/11\/170113_711_line.jpg\" width=\"540\" height=\"1\" srcset=\"http:\/\/711lab.com\/wp-content\/uploads\/2016\/11\/170113_711_line.jpg 540w, http:\/\/711lab.com\/wp-content\/uploads\/2016\/11\/170113_711_line-150x1.jpg 150w, http:\/\/711lab.com\/wp-content\/uploads\/2016\/11\/170113_711_line-300x1.jpg 300w, http:\/\/711lab.com\/wp-content\/uploads\/2016\/11\/170113_711_line-220x1.jpg 220w, http:\/\/711lab.com\/wp-content\/uploads\/2016\/11\/170113_711_line-200x1.jpg 200w, http:\/\/711lab.com\/wp-content\/uploads\/2016\/11\/170113_711_line-430x1.jpg 430w\" sizes=\"auto, (max-width: 540px) 100vw, 540px\" \/><\/p>\n<p>Mit der Entwicklungskonzeption Wirtschaftsfl\u00e4chen f\u00fcr Stuttgart (EWS) sollen in den Jahren 2014 &#8211; 2016 die strategischen Grundlagen f\u00fcr die Sicherung, Mobilisierung und Entwicklung von Gewerbefl\u00e4chen f\u00fcr die Stadt Stuttgart in einem zweistufigen Verfahren aufgearbeitet werden. Hierzu werden auch konkrete Entwicklungs- und Handlungskonzepte f\u00fcr gewerbliche Schwerpunktr\u00e4ume erstellt sowie geeignete und umsetzbare L\u00f6sungsans\u00e4tze in Form eines Handlungsprogrammes aufgezeigt. Die Phase I des EWS-Arbeitsprozesses mit ausf\u00fchrlichen Bestandserhebungen, Standortanalysen und Fl\u00e4chenbedarfsprognosen ist zwischenzeitlich abgeschlossen. Als Ergebnis dieser Phase wurden Herausforderungen und Handlungsempfehlungen benannt. Zur inhaltlichen Verbreiterung und Erg\u00e4nzung der fachlichen Diskussion wurde w\u00e4hrend des EWS-Arbeitsprozesses im November\/ Dezember 2014 das zweiteilige Symposium DIE PRODUKTIVE STADT durchgef\u00fchrt.<span class=\"Apple-converted-space\">\u00a0<\/span><\/p>\n<p>In der Phase II werden Rahmenbedingungen, Ziele, Strategien und Handlungsfelder erarbeitet und weiterentwickelt. Sie stellen die Basis des planerischen wie konzeptionellen Instrumentariums zur Gestaltung des Strukturwandels im Rahmen der Entwicklungskonzeption Wirtschaftsfl\u00e4chen f\u00fcr Stuttgart dar. R\u00e4umlich definiert und verortet werden die Strategien und Handlungsfelder in Form eines anpassungsf\u00e4higen Masterplans f\u00fcr die Gesamtstadt Stuttgarts, der die konzeptionellen Inhalte abbildet und pr\u00e4zisiert.<span class=\"Apple-converted-space\">\u00a0<\/span><\/p>\n<p>Begleitend zu diesem Arbeitsprozess wurden in Anlehnung an die inhaltliche Ausrichtung des Symposiums vier Querschnittsthemen &#8211; Urbane Produktion, Kreative Standortentwicklung (Creative Kitchen), Wachsende Wissensstandorte und Nachhaltige Gewerbe(gebiets)entwicklung &#8211; im Rahmen von so genannten \u201eTHINK TANKS\u201c vertieft. Diese THINK TANKS sind als thematische Gespr\u00e4chsrunden zu verstehen, die auch die Bedeutung und Relevanz des jeweiligen Themenschwerpunktes f\u00fcr einzelne Fokusr\u00e4ume und f\u00fcr die Gesamtstadt \u00fcberpr\u00fcfen sollen.<span class=\"Apple-converted-space\">\u00a0<\/span><\/p>\n<p>Termine:<br \/>\n<strong>I | Urbane Produktion, <\/strong>29. Sept. 2015<br \/>\nKooperationspartner: Fraunhofer-Institut f\u00fcr Arbeitswirtschaft und Organisation (IAO), Zentrum f\u00fcr Virtuelles Engineering, Stuttgart<\/p>\n<p><strong>II | Creative Kitchen\/kreative Standortentwicklung, <\/strong>8. Okt. 2015<br \/>\nKooperationspartner: Wirtschaftsf\u00f6rderung Region Stuttgart (WRS), W\u00fcrttembergischer Kunstverein (WKV), Stuttgart<\/p>\n<p><strong>III |\u00a0<\/strong><strong>Wachsende Wissensstandorte, <\/strong>10. Nov. 2015<br \/>\nKooperationspartner: St\u00e4dtebau-Institut (SI), Universit\u00e4t Stuttgart<\/p>\n<p><strong>IV |\u00a0NachhaltigeGewerbe(gebiets)entwicklung, <\/strong>19. Nov. 2015<br \/>\nKooperationspartner: Deutsche Gesellschaft f\u00fcr Nachhaltiges Bauen (DGNB), Stuttgart<\/p>\n<p>Veranstalter:<br \/>\n<b>Landeshauptstadt Stuttgart, Amt f\u00fcr Stadtplanung und Stadterneuerung, Abt. Stadtentwicklung<br \/>\n<\/b>Dr. Hermann-Lambert Oediger<br \/>\nFrank Gwildis<\/p>\n<p><a href=\"https:\/\/www.stuttgart.de\/img\/mdb\/item\/634510\/144502.pdf\" target=\"_blank\" rel=\"noopener noreferrer\">Stadt Stuttgart &#8211; Endpublikation<\/a><img loading=\"lazy\" decoding=\"async\" class=\"alignnone wp-image-79 size-full\" src=\"http:\/\/711lab.com\/wp-content\/uploads\/2016\/11\/170113_711_line.jpg\" width=\"540\" height=\"1\" srcset=\"http:\/\/711lab.com\/wp-content\/uploads\/2016\/11\/170113_711_line.jpg 540w, http:\/\/711lab.com\/wp-content\/uploads\/2016\/11\/170113_711_line-150x1.jpg 150w, http:\/\/711lab.com\/wp-content\/uploads\/2016\/11\/170113_711_line-300x1.jpg 300w, http:\/\/711lab.com\/wp-content\/uploads\/2016\/11\/170113_711_line-220x1.jpg 220w, http:\/\/711lab.com\/wp-content\/uploads\/2016\/11\/170113_711_line-200x1.jpg 200w, http:\/\/711lab.com\/wp-content\/uploads\/2016\/11\/170113_711_line-430x1.jpg 430w\" sizes=\"auto, (max-width: 540px) 100vw, 540px\" \/><\/p>\n<p>Das Labor f\u00fcr urbane Orte und Prozesse war an der Konzeption, Organisation und Moderation der Expertengespr\u00e4chrunden beteiligt.<img loading=\"lazy\" decoding=\"async\" class=\"alignnone wp-image-79 size-full\" src=\"http:\/\/711lab.com\/wp-content\/uploads\/2016\/11\/170113_711_line.jpg\" width=\"540\" height=\"1\" srcset=\"http:\/\/711lab.com\/wp-content\/uploads\/2016\/11\/170113_711_line.jpg 540w, http:\/\/711lab.com\/wp-content\/uploads\/2016\/11\/170113_711_line-150x1.jpg 150w, http:\/\/711lab.com\/wp-content\/uploads\/2016\/11\/170113_711_line-300x1.jpg 300w, http:\/\/711lab.com\/wp-content\/uploads\/2016\/11\/170113_711_line-220x1.jpg 220w, http:\/\/711lab.com\/wp-content\/uploads\/2016\/11\/170113_711_line-200x1.jpg 200w, http:\/\/711lab.com\/wp-content\/uploads\/2016\/11\/170113_711_line-430x1.jpg 430w\" sizes=\"auto, (max-width: 540px) 100vw, 540px\" \/><\/p>\n","protected":false},"excerpt":{"rendered":"<p>Expertengespr\u00e4che im Rahmen des Entwicklungskonzeptes f\u00fcr Stuttgarter Gewerbegebiete (EWS)<\/p>\n","protected":false},"author":2,"featured_media":5050,"comment_status":"open","ping_status":"open","sticky":false,"template":"","format":"standard","meta":{"footnotes":""},"categories":[39,30],"tags":[],"class_list":["post-2478","post","type-post","status-publish","format-standard","has-post-thumbnail","hentry","category-planen-im-dialog","category-produktive-stadt"],"_links":{"self":[{"href":"http:\/\/711lab.com\/index.php?rest_route=\/wp\/v2\/posts\/2478","targetHints":{"allow":["GET"]}}],"collection":[{"href":"http:\/\/711lab.com\/index.php?rest_route=\/wp\/v2\/posts"}],"about":[{"href":"http:\/\/711lab.com\/index.php?rest_route=\/wp\/v2\/types\/post"}],"author":[{"embeddable":true,"href":"http:\/\/711lab.com\/index.php?rest_route=\/wp\/v2\/users\/2"}],"replies":[{"embeddable":true,"href":"http:\/\/711lab.com\/index.php?rest_route=%2Fwp%2Fv2%2Fcomments&post=2478"}],"version-history":[{"count":38,"href":"http:\/\/711lab.com\/index.php?rest_route=\/wp\/v2\/posts\/2478\/revisions"}],"predecessor-version":[{"id":5084,"href":"http:\/\/711lab.com\/index.php?rest_route=\/wp\/v2\/posts\/2478\/revisions\/5084"}],"wp:featuredmedia":[{"embeddable":true,"href":"http:\/\/711lab.com\/index.php?rest_route=\/wp\/v2\/media\/5050"}],"wp:attachment":[{"href":"http:\/\/711lab.com\/index.php?rest_route=%2Fwp%2Fv2%2Fmedia&parent=2478"}],"wp:term":[{"taxonomy":"category","embeddable":true,"href":"http:\/\/711lab.com\/index.php?rest_route=%2Fwp%2Fv2%2Fcategories&post=2478"},{"taxonomy":"post_tag","embeddable":true,"href":"http:\/\/711lab.com\/index.php?rest_route=%2Fwp%2Fv2%2Ftags&post=2478"}],"curies":[{"name":"wp","href":"https:\/\/api.w.org\/{rel}","templated":true}]}}