{"id":2676,"date":"2017-10-13T18:00:37","date_gmt":"2017-10-13T17:00:37","guid":{"rendered":"http:\/\/711lab.com\/?p=2676"},"modified":"2018-05-11T13:28:55","modified_gmt":"2018-05-11T12:28:55","slug":"dasl","status":"publish","type":"post","link":"http:\/\/711lab.com\/?p=2676","title":{"rendered":"Berufung"},"content":{"rendered":"<p><strong>Stefan Werrer wurde zum Mitglied der\u00a0Deutsche Akademie f\u00fcr St\u00e4dtebau und Landesplanung (DASL) berufen.<\/strong><\/p>\n<p><!--more-->Die Berufung wurde im Rahmen der DASL Jahrestagung 2017 am 13. Oktober in Berlin feierlich gew\u00fcrdigt.<img loading=\"lazy\" decoding=\"async\" class=\"alignnone wp-image-79 size-full\" src=\"http:\/\/711lab.com\/wp-content\/uploads\/2016\/11\/170113_711_line.jpg\" width=\"540\" height=\"1\" srcset=\"http:\/\/711lab.com\/wp-content\/uploads\/2016\/11\/170113_711_line.jpg 540w, http:\/\/711lab.com\/wp-content\/uploads\/2016\/11\/170113_711_line-150x1.jpg 150w, http:\/\/711lab.com\/wp-content\/uploads\/2016\/11\/170113_711_line-300x1.jpg 300w, http:\/\/711lab.com\/wp-content\/uploads\/2016\/11\/170113_711_line-220x1.jpg 220w, http:\/\/711lab.com\/wp-content\/uploads\/2016\/11\/170113_711_line-200x1.jpg 200w, http:\/\/711lab.com\/wp-content\/uploads\/2016\/11\/170113_711_line-430x1.jpg 430w\" sizes=\"auto, (max-width: 540px) 100vw, 540px\" \/><\/p>\n<header class=\"entry-header\"><\/header>\n<header class=\"entry-header\"><img loading=\"lazy\" decoding=\"async\" class=\"alignnone size-full wp-image-3408\" src=\"http:\/\/711lab.com\/wp-content\/uploads\/2017\/09\/logo_dasl_240x2402.png\" alt=\"\" width=\"476\" height=\"472\" srcset=\"http:\/\/711lab.com\/wp-content\/uploads\/2017\/09\/logo_dasl_240x2402.png 476w, http:\/\/711lab.com\/wp-content\/uploads\/2017\/09\/logo_dasl_240x2402-150x150.png 150w, http:\/\/711lab.com\/wp-content\/uploads\/2017\/09\/logo_dasl_240x2402-300x297.png 300w, http:\/\/711lab.com\/wp-content\/uploads\/2017\/09\/logo_dasl_240x2402-200x198.png 200w, http:\/\/711lab.com\/wp-content\/uploads\/2017\/09\/logo_dasl_240x2402-430x426.png 430w\" sizes=\"auto, (max-width: 476px) 100vw, 476px\" \/><\/header>\n<header class=\"entry-header\"><\/header>\n<header class=\"entry-header\"><\/header>\n<div class=\"csc-header csc-header-n1\">\u00a0<img loading=\"lazy\" decoding=\"async\" class=\"alignnone size-full wp-image-79\" src=\"http:\/\/711lab.com\/wp-content\/uploads\/2016\/11\/170113_711_line.jpg\" alt=\"\" width=\"540\" height=\"1\" srcset=\"http:\/\/711lab.com\/wp-content\/uploads\/2016\/11\/170113_711_line.jpg 540w, http:\/\/711lab.com\/wp-content\/uploads\/2016\/11\/170113_711_line-150x1.jpg 150w, http:\/\/711lab.com\/wp-content\/uploads\/2016\/11\/170113_711_line-300x1.jpg 300w, http:\/\/711lab.com\/wp-content\/uploads\/2016\/11\/170113_711_line-220x1.jpg 220w, http:\/\/711lab.com\/wp-content\/uploads\/2016\/11\/170113_711_line-200x1.jpg 200w, http:\/\/711lab.com\/wp-content\/uploads\/2016\/11\/170113_711_line-430x1.jpg 430w\" sizes=\"auto, (max-width: 540px) 100vw, 540px\" \/><\/div>\n<p>Die DASL ist ein Zusammenschluss von Fachleuten, die auf den Gebieten des St\u00e4dtebaus und der Landesplanung oder der damit verkn\u00fcpften Forschung und praktischen Planung durch besondere Leistungen hervorgetreten sind.<\/p>\n<p>Die Institution geht zur\u00fcck auf die 1922 gegr\u00fcndete Freie Akademie des St\u00e4dtebaus und hat sich 1946 unter dem heutigen Namen konstituiert. Die Akademie ist in der Rechtsform eines eingetragenen Vereins organisiert und hat ihren Sitz (Bundesgesch\u00e4ftsstelle) in Berlin.<\/p>\n<p>Die DASL hat das Ziel, St\u00e4dtebau und Landesplanung in Wissenschaft und Praxis zu f\u00f6rdern. Sie erf\u00fcllt dies, indem sie sich durch wissenschaftliche Arbeiten und Gutachten, in Vortr\u00e4gen und auf Tagungen mit den Problemen der r\u00e4umlichen Umwelt auseinandersetzt, die gewonnenen Erkenntnisse auswertet und der \u00d6ffentlichkeit zug\u00e4nglich macht.<\/p>\n<p>Sie bietet auch ein Forum, in dem unterschiedliche Gruppierungen der Gesellschaft und an der Stadtentwicklung interessierte Kreise der Wirtschaft mit Fachleuten der Planung zur Diskussion.<\/p>\n<p>Quelle:\u00a0<a href=\"http:\/\/bw.dasl.de\">Landesgruppe Baden-W\u00fcrttemberg<\/a><\/p>\n<header class=\"entry-header\">\n<div class=\"entry-description\">\n<p><img loading=\"lazy\" decoding=\"async\" class=\"alignnone wp-image-79 size-full\" src=\"http:\/\/711lab.com\/wp-content\/uploads\/2016\/11\/170113_711_line.jpg\" width=\"540\" height=\"1\" srcset=\"http:\/\/711lab.com\/wp-content\/uploads\/2016\/11\/170113_711_line.jpg 540w, http:\/\/711lab.com\/wp-content\/uploads\/2016\/11\/170113_711_line-150x1.jpg 150w, http:\/\/711lab.com\/wp-content\/uploads\/2016\/11\/170113_711_line-300x1.jpg 300w, http:\/\/711lab.com\/wp-content\/uploads\/2016\/11\/170113_711_line-220x1.jpg 220w, http:\/\/711lab.com\/wp-content\/uploads\/2016\/11\/170113_711_line-200x1.jpg 200w, http:\/\/711lab.com\/wp-content\/uploads\/2016\/11\/170113_711_line-430x1.jpg 430w\" sizes=\"auto, (max-width: 540px) 100vw, 540px\" \/><\/p>\n<\/div>\n<p><a href=\"https:\/\/dasl.de\" target=\"_blank\">Deutsche Akademie f\u00fcr\u00a0St\u00e4dtebau und Landesplanung<\/a><\/p>\n<p><img loading=\"lazy\" decoding=\"async\" class=\"alignnone wp-image-79 size-full\" src=\"http:\/\/711lab.com\/wp-content\/uploads\/2016\/11\/170113_711_line.jpg\" width=\"540\" height=\"1\" srcset=\"http:\/\/711lab.com\/wp-content\/uploads\/2016\/11\/170113_711_line.jpg 540w, http:\/\/711lab.com\/wp-content\/uploads\/2016\/11\/170113_711_line-150x1.jpg 150w, http:\/\/711lab.com\/wp-content\/uploads\/2016\/11\/170113_711_line-300x1.jpg 300w, http:\/\/711lab.com\/wp-content\/uploads\/2016\/11\/170113_711_line-220x1.jpg 220w, http:\/\/711lab.com\/wp-content\/uploads\/2016\/11\/170113_711_line-200x1.jpg 200w, http:\/\/711lab.com\/wp-content\/uploads\/2016\/11\/170113_711_line-430x1.jpg 430w\" sizes=\"auto, (max-width: 540px) 100vw, 540px\" \/><\/p>\n<\/header>\n","protected":false},"excerpt":{"rendered":"<p>Stefan Werrer wurde zum Mitglied der\u00a0Deutsche Akademie f\u00fcr St\u00e4dtebau und Landesplanung (DASL) berufen.<\/p>\n","protected":false},"author":2,"featured_media":3408,"comment_status":"open","ping_status":"open","sticky":false,"template":"","format":"standard","meta":{"footnotes":""},"categories":[1],"tags":[],"class_list":["post-2676","post","type-post","status-publish","format-standard","has-post-thumbnail","hentry","category-_"],"_links":{"self":[{"href":"http:\/\/711lab.com\/index.php?rest_route=\/wp\/v2\/posts\/2676","targetHints":{"allow":["GET"]}}],"collection":[{"href":"http:\/\/711lab.com\/index.php?rest_route=\/wp\/v2\/posts"}],"about":[{"href":"http:\/\/711lab.com\/index.php?rest_route=\/wp\/v2\/types\/post"}],"author":[{"embeddable":true,"href":"http:\/\/711lab.com\/index.php?rest_route=\/wp\/v2\/users\/2"}],"replies":[{"embeddable":true,"href":"http:\/\/711lab.com\/index.php?rest_route=%2Fwp%2Fv2%2Fcomments&post=2676"}],"version-history":[{"count":49,"href":"http:\/\/711lab.com\/index.php?rest_route=\/wp\/v2\/posts\/2676\/revisions"}],"predecessor-version":[{"id":3410,"href":"http:\/\/711lab.com\/index.php?rest_route=\/wp\/v2\/posts\/2676\/revisions\/3410"}],"wp:featuredmedia":[{"embeddable":true,"href":"http:\/\/711lab.com\/index.php?rest_route=\/wp\/v2\/media\/3408"}],"wp:attachment":[{"href":"http:\/\/711lab.com\/index.php?rest_route=%2Fwp%2Fv2%2Fmedia&parent=2676"}],"wp:term":[{"taxonomy":"category","embeddable":true,"href":"http:\/\/711lab.com\/index.php?rest_route=%2Fwp%2Fv2%2Fcategories&post=2676"},{"taxonomy":"post_tag","embeddable":true,"href":"http:\/\/711lab.com\/index.php?rest_route=%2Fwp%2Fv2%2Ftags&post=2676"}],"curies":[{"name":"wp","href":"https:\/\/api.w.org\/{rel}","templated":true}]}}