{"id":3591,"date":"2018-06-21T09:50:27","date_gmt":"2018-06-21T08:50:27","guid":{"rendered":"http:\/\/711lab.com\/?p=3591"},"modified":"2019-06-14T15:08:01","modified_gmt":"2019-06-14T14:08:01","slug":"produktive-stadt-koeln","status":"publish","type":"post","link":"http:\/\/711lab.com\/?p=3591","title":{"rendered":"Produktive Stadt Darmstadt"},"content":{"rendered":"<div class=\"press\">\n<p><strong>Am 21. Juni 2018 hielt Stefan Werrer einen Vortrag zum Thema &#8222;produktive Stadt&#8220; zu der Fachgruppe Entwerfen und Stadtplanung der Technischen Universit\u00e4t Darmstadt.&nbsp;<\/strong><br \/>\n<span id=\"more-2658\"><\/span><\/p>\n<\/div>\n<div class=\"press\">\n<p><!--more--><\/p>\n<p>Vortrag an der TU Darmstadt, August 2018<\/p>\n<p><img loading=\"lazy\" decoding=\"async\" class=\"alignnone size-full wp-image-79\" src=\"http:\/\/711lab.com\/wp-content\/uploads\/2016\/11\/170113_711_line.jpg\" alt=\"\" width=\"540\" height=\"1\" srcset=\"http:\/\/711lab.com\/wp-content\/uploads\/2016\/11\/170113_711_line.jpg 540w, http:\/\/711lab.com\/wp-content\/uploads\/2016\/11\/170113_711_line-150x1.jpg 150w, http:\/\/711lab.com\/wp-content\/uploads\/2016\/11\/170113_711_line-300x1.jpg 300w, http:\/\/711lab.com\/wp-content\/uploads\/2016\/11\/170113_711_line-220x1.jpg 220w, http:\/\/711lab.com\/wp-content\/uploads\/2016\/11\/170113_711_line-200x1.jpg 200w, http:\/\/711lab.com\/wp-content\/uploads\/2016\/11\/170113_711_line-430x1.jpg 430w\" sizes=\"auto, (max-width: 540px) 100vw, 540px\" \/><\/p>\n<p><img loading=\"lazy\" decoding=\"async\" class=\"alignnone size-full wp-image-3601\" src=\"http:\/\/711lab.com\/wp-content\/uploads\/2018\/08\/18_PSDA_Image02_M.jpg\" alt=\"\" width=\"532\" height=\"401\" srcset=\"http:\/\/711lab.com\/wp-content\/uploads\/2018\/08\/18_PSDA_Image02_M.jpg 532w, http:\/\/711lab.com\/wp-content\/uploads\/2018\/08\/18_PSDA_Image02_M-300x226.jpg 300w, http:\/\/711lab.com\/wp-content\/uploads\/2018\/08\/18_PSDA_Image02_M-200x151.jpg 200w, http:\/\/711lab.com\/wp-content\/uploads\/2018\/08\/18_PSDA_Image02_M-430x324.jpg 430w\" sizes=\"auto, (max-width: 532px) 100vw, 532px\" \/><br \/>\n(Quelle: Frank Gwildis)<\/p>\n<p><img loading=\"lazy\" decoding=\"async\" class=\"alignnone wp-image-79 size-full\" src=\"http:\/\/711lab.com\/wp-content\/uploads\/2016\/11\/170113_711_line.jpg\" width=\"540\" height=\"1\" srcset=\"http:\/\/711lab.com\/wp-content\/uploads\/2016\/11\/170113_711_line.jpg 540w, http:\/\/711lab.com\/wp-content\/uploads\/2016\/11\/170113_711_line-150x1.jpg 150w, http:\/\/711lab.com\/wp-content\/uploads\/2016\/11\/170113_711_line-300x1.jpg 300w, http:\/\/711lab.com\/wp-content\/uploads\/2016\/11\/170113_711_line-220x1.jpg 220w, http:\/\/711lab.com\/wp-content\/uploads\/2016\/11\/170113_711_line-200x1.jpg 200w, http:\/\/711lab.com\/wp-content\/uploads\/2016\/11\/170113_711_line-430x1.jpg 430w\" sizes=\"auto, (max-width: 540px) 100vw, 540px\" \/><\/p>\n<\/div>\n<p>Der Vortrag &nbsp;war Teil einer Seminarreihe im Sommersemester, die sich der Stadt als produktivem Ort widmet. Verschiedene Fallstudien,&nbsp;vor allem das Thema \u201eArbeit und Wissenschaft\u201c&nbsp;im Zuge der Entwicklung des Masterplans Darmstadt 2030+, wurden dazu herangezogen.<\/p>\n<p>Auf dem Seminar pr\u00e4sentierte Stefan das Thema &#8222;Productive Stadt&#8220;, mit dem er sich sehr engagiert ist. Stefan erl\u00e4uterte auch etwas \u00fcber die Prozesse des laufenden kooperativen Planungsverfahrens Darmstadt Weiterdenken -DA2030 +, an dem unser B\u00fcro derzeit beteiligt ist.<\/p>\n<p>Teil dieses Seminars war auch Johannes Heynold von Studio Johey! Der mit der &#8222;produktiven Nachbarschaft&#8220; besch\u00e4ftigt ist.<\/p>\n<p>Danach gab es eine Runde Fragen und Diskussionen mit den Studenten.<\/p>\n<div class=\"press\">\n<p><img loading=\"lazy\" decoding=\"async\" class=\"alignnone wp-image-79 size-full\" src=\"http:\/\/711lab.com\/wp-content\/uploads\/2016\/11\/170113_711_line.jpg\" width=\"540\" height=\"1\" srcset=\"http:\/\/711lab.com\/wp-content\/uploads\/2016\/11\/170113_711_line.jpg 540w, http:\/\/711lab.com\/wp-content\/uploads\/2016\/11\/170113_711_line-150x1.jpg 150w, http:\/\/711lab.com\/wp-content\/uploads\/2016\/11\/170113_711_line-300x1.jpg 300w, http:\/\/711lab.com\/wp-content\/uploads\/2016\/11\/170113_711_line-220x1.jpg 220w, http:\/\/711lab.com\/wp-content\/uploads\/2016\/11\/170113_711_line-200x1.jpg 200w, http:\/\/711lab.com\/wp-content\/uploads\/2016\/11\/170113_711_line-430x1.jpg 430w\" sizes=\"auto, (max-width: 540px) 100vw, 540px\" \/><\/p>\n<\/div>\n<div class=\"press\"><\/div>\n","protected":false},"excerpt":{"rendered":"<p>Am 21. Juni 2018 hielt Stefan Werrer einen Vortrag zum Thema &#8222;produktive Stadt&#8220; zu der Fachgruppe Entwerfen und Stadtplanung der Technischen Universit\u00e4t Darmstadt.&nbsp;<\/p>\n","protected":false},"author":2,"featured_media":3601,"comment_status":"open","ping_status":"open","sticky":false,"template":"","format":"standard","meta":{"footnotes":""},"categories":[30,41,31],"tags":[],"class_list":["post-3591","post","type-post","status-publish","format-standard","has-post-thumbnail","hentry","category-produktive-stadt","category-vortrag","category-wissensstandorte"],"_links":{"self":[{"href":"http:\/\/711lab.com\/index.php?rest_route=\/wp\/v2\/posts\/3591","targetHints":{"allow":["GET"]}}],"collection":[{"href":"http:\/\/711lab.com\/index.php?rest_route=\/wp\/v2\/posts"}],"about":[{"href":"http:\/\/711lab.com\/index.php?rest_route=\/wp\/v2\/types\/post"}],"author":[{"embeddable":true,"href":"http:\/\/711lab.com\/index.php?rest_route=\/wp\/v2\/users\/2"}],"replies":[{"embeddable":true,"href":"http:\/\/711lab.com\/index.php?rest_route=%2Fwp%2Fv2%2Fcomments&post=3591"}],"version-history":[{"count":32,"href":"http:\/\/711lab.com\/index.php?rest_route=\/wp\/v2\/posts\/3591\/revisions"}],"predecessor-version":[{"id":4457,"href":"http:\/\/711lab.com\/index.php?rest_route=\/wp\/v2\/posts\/3591\/revisions\/4457"}],"wp:featuredmedia":[{"embeddable":true,"href":"http:\/\/711lab.com\/index.php?rest_route=\/wp\/v2\/media\/3601"}],"wp:attachment":[{"href":"http:\/\/711lab.com\/index.php?rest_route=%2Fwp%2Fv2%2Fmedia&parent=3591"}],"wp:term":[{"taxonomy":"category","embeddable":true,"href":"http:\/\/711lab.com\/index.php?rest_route=%2Fwp%2Fv2%2Fcategories&post=3591"},{"taxonomy":"post_tag","embeddable":true,"href":"http:\/\/711lab.com\/index.php?rest_route=%2Fwp%2Fv2%2Ftags&post=3591"}],"curies":[{"name":"wp","href":"https:\/\/api.w.org\/{rel}","templated":true}]}}