{"id":6311,"date":"2021-10-29T10:00:00","date_gmt":"2021-10-29T09:00:00","guid":{"rendered":"http:\/\/711lab.com\/?p=6311"},"modified":"2022-11-27T17:22:33","modified_gmt":"2022-11-27T16:22:33","slug":"sanierungsgebiet-holtenau-ost","status":"publish","type":"post","link":"http:\/\/711lab.com\/?p=6311","title":{"rendered":"Sanierungsgebiet Holtenau Ost"},"content":{"rendered":"<p class=\"p1\"><b>In Form eines st\u00e4dtebaulichen Gesamtkonzeptes, das Fragen zur Identit\u00e4t und Geschichte des Ortes, zum zuk\u00fcnftigen Arbeiten und <span style=\"font-weight: 600;\">Wohnen, sowie zu Klimaneutralit\u00e4t und nachhaltiger Mobilit\u00e4t&nbsp;<\/span>beantwortet, wurde die Vision f\u00fcr \u201eHoltenau Ost\u201c in Form eines st\u00e4dtebaulichen Gesamtkonzeptes gesucht<\/b><b>. Ein lebendiges Stadtquartier f\u00fcr Alle ist ebenso Ziel wie eine neue Visitenkarte f\u00fcr die Landeshauptstadt Kiel auf lokaler und gesamtst\u00e4dtischer Ebene.<\/b><\/p>\n<p><!--more--><\/p>\n<p><span class=\"s1\">St\u00e4dtebaulich-freiraumplanerischer Realisierungswettbewerb<\/span>, 2021<\/p>\n<p>Alle Beitr\u00e4ge k\u00f6nnen auf der <span style=\"color: #000000;\"><a style=\"color: #000000;\" href=\"https:\/\/www.kiel.de\/de\/kiel_zukunft\/kiel_plant_baut\/sanierungsgebiet_holtenau_ost.php\">Website der Stadt Kiel<\/a><\/span> eingesehen werden. Wir gratulieren den Preistr\u00e4gern ganz herzlich!<\/p>\n<p><img loading=\"lazy\" decoding=\"async\" class=\"alignnone size-full wp-image-79\" src=\"http:\/\/711lab.com\/wp-content\/uploads\/2016\/11\/170113_711_line.jpg\" alt=\"\" width=\"540\" height=\"1\" srcset=\"http:\/\/711lab.com\/wp-content\/uploads\/2016\/11\/170113_711_line.jpg 540w, http:\/\/711lab.com\/wp-content\/uploads\/2016\/11\/170113_711_line-150x1.jpg 150w, http:\/\/711lab.com\/wp-content\/uploads\/2016\/11\/170113_711_line-300x1.jpg 300w, http:\/\/711lab.com\/wp-content\/uploads\/2016\/11\/170113_711_line-220x1.jpg 220w, http:\/\/711lab.com\/wp-content\/uploads\/2016\/11\/170113_711_line-200x1.jpg 200w, http:\/\/711lab.com\/wp-content\/uploads\/2016\/11\/170113_711_line-430x1.jpg 430w\" sizes=\"auto, (max-width: 540px) 100vw, 540px\" \/><\/p>\n<p><img loading=\"lazy\" decoding=\"async\" class=\"wp-image-6321 size-full alignnone\" src=\"http:\/\/711lab.com\/wp-content\/uploads\/2021\/08\/21_HOKI_Image02_M.jpg\" alt=\"\" width=\"532\" height=\"375\" srcset=\"http:\/\/711lab.com\/wp-content\/uploads\/2021\/08\/21_HOKI_Image02_M.jpg 532w, http:\/\/711lab.com\/wp-content\/uploads\/2021\/08\/21_HOKI_Image02_M-300x211.jpg 300w, http:\/\/711lab.com\/wp-content\/uploads\/2021\/08\/21_HOKI_Image02_M-200x141.jpg 200w, http:\/\/711lab.com\/wp-content\/uploads\/2021\/08\/21_HOKI_Image02_M-430x303.jpg 430w\" sizes=\"auto, (max-width: 532px) 100vw, 532px\" \/><\/p>\n<p><span class=\"s1\"><span style=\"font-weight: 600;\">Blau-gr\u00fcner<\/span><b>&nbsp;Rei\u00dfverschluss<\/b><\/span><\/p>\n<p><span class=\"s1\">Der Entwurf ordnet die Entwicklung Holtenau Ost in einen gr\u00f6\u00dferen st\u00e4dtebaulichen Kontext ein. Auf dem bisher milit\u00e4risch genutzten Areal wird wieder ein Gesamtzusammenhang aus alten und neuen Quartieren und Freir\u00e4umen zwischen dem Oberland im Westen, dem jeweiligen Teilbereich Holtenaus und Pries&#8216; im Norden sowie dem k\u00fcnstlich angelegten Unterland an der Kieler F\u00f6rde mit dem Pl\u00fcschowhafen im Osten hergestellt. Das f\u00fcr \u00fcber 100 Jahre f\u00fcr die \u00d6ffentlichkeit unzug\u00e4ngliche Gebiet wird so in einen zentralen, identit\u00e4tsstiftenden und urbanen Stadtraum am Wasser verwandelt.<\/span><\/p>\n<figure id=\"attachment_6322\" aria-describedby=\"caption-attachment-6322\" style=\"width: 532px\" class=\"wp-caption alignnone\"><img loading=\"lazy\" decoding=\"async\" class=\"wp-image-6322 size-full\" src=\"http:\/\/711lab.com\/wp-content\/uploads\/2021\/08\/21_HOKI_Image03_M-.jpg\" alt=\"\" width=\"532\" height=\"763\" srcset=\"http:\/\/711lab.com\/wp-content\/uploads\/2021\/08\/21_HOKI_Image03_M-.jpg 532w, http:\/\/711lab.com\/wp-content\/uploads\/2021\/08\/21_HOKI_Image03_M--209x300.jpg 209w, http:\/\/711lab.com\/wp-content\/uploads\/2021\/08\/21_HOKI_Image03_M--200x287.jpg 200w, http:\/\/711lab.com\/wp-content\/uploads\/2021\/08\/21_HOKI_Image03_M--430x617.jpg 430w\" sizes=\"auto, (max-width: 532px) 100vw, 532px\" \/><figcaption id=\"caption-attachment-6322\" class=\"wp-caption-text\">Leitidee<\/figcaption><\/figure>\n<p><span class=\"s1\">Zugrundeliegende Leitidee ist die Verschr\u00e4nkung der beiden dominierenden landschaftlichen Elemente: K\u00fcstenwald und <\/span><span class=\"s1\">Wasserlandschaft der Kieler F\u00f6rde greifen k\u00fcnftig in Holtenau Ost quartierspr\u00e4gend ineinander. In Nord-S\u00fcd-Richtung ergeben sich durch diese Verschr\u00e4nkung drei parallel verlaufende, tragende Freiraumelemente: Der K\u00fcstenwald bildet den R\u00fccken, der Boulevard \u00fcbernimmt die Erschliessung und Orientierung im Quartier, sowie die durchg\u00e4ngig \u00f6ffentliche Promenade als kontinuierliche K\u00fcstenlinie. Gemeinsam bilden sie das r\u00e4umliche Grundger\u00fcst f\u00fcr die st\u00e4dtebauliche Entwicklung. Erg\u00e4nzt werden sie durch blau-gr\u00fcne Fugen in Ost-West-Richtung, die als Freiraumsysteme Wasser und Land zur neuen Identit\u00e4t des K\u00fcstenstadtteils erg\u00e4nzen. Der K\u00fcstenwald bildet so eine Klammer um das Quartier, w\u00e4hrend Nord- und S\u00fcdkanal als Z\u00e4suren st\u00e4dtebauliche Bausteine ablesbar machen und neben einer hohen Aufenthaltsqualit\u00e4t am Wasser auch in den einzelnen Quartieren <\/span><span class=\"s1\">die entsprechende Lagegunst sichern und erfahrbar machen.<\/span><\/p>\n<figure id=\"attachment_6323\" aria-describedby=\"caption-attachment-6323\" style=\"width: 532px\" class=\"wp-caption alignnone\"><img loading=\"lazy\" decoding=\"async\" class=\"wp-image-6323 size-full\" src=\"http:\/\/711lab.com\/wp-content\/uploads\/2021\/08\/21_HOKI_Image04_M.jpg\" alt=\"\" width=\"532\" height=\"761\" srcset=\"http:\/\/711lab.com\/wp-content\/uploads\/2021\/08\/21_HOKI_Image04_M.jpg 532w, http:\/\/711lab.com\/wp-content\/uploads\/2021\/08\/21_HOKI_Image04_M-210x300.jpg 210w, http:\/\/711lab.com\/wp-content\/uploads\/2021\/08\/21_HOKI_Image04_M-200x286.jpg 200w, http:\/\/711lab.com\/wp-content\/uploads\/2021\/08\/21_HOKI_Image04_M-430x615.jpg 430w\" sizes=\"auto, (max-width: 532px) 100vw, 532px\" \/><figcaption id=\"caption-attachment-6323\" class=\"wp-caption-text\">St\u00e4dtebaulicher Entwurf<\/figcaption><\/figure>\n<p><img loading=\"lazy\" decoding=\"async\" class=\"alignnone size-full wp-image-6325\" src=\"http:\/\/711lab.com\/wp-content\/uploads\/2021\/08\/21_HOKI_Image06_M.jpg\" alt=\"\" width=\"532\" height=\"372\" srcset=\"http:\/\/711lab.com\/wp-content\/uploads\/2021\/08\/21_HOKI_Image06_M.jpg 532w, http:\/\/711lab.com\/wp-content\/uploads\/2021\/08\/21_HOKI_Image06_M-300x210.jpg 300w, http:\/\/711lab.com\/wp-content\/uploads\/2021\/08\/21_HOKI_Image06_M-200x140.jpg 200w, http:\/\/711lab.com\/wp-content\/uploads\/2021\/08\/21_HOKI_Image06_M-430x301.jpg 430w\" sizes=\"auto, (max-width: 532px) 100vw, 532px\" \/><\/p>\n<p><img loading=\"lazy\" decoding=\"async\" class=\"alignnone size-full wp-image-6326\" src=\"http:\/\/711lab.com\/wp-content\/uploads\/2021\/08\/21_HOKI_Image07_M.jpg\" alt=\"\" width=\"532\" height=\"259\" srcset=\"http:\/\/711lab.com\/wp-content\/uploads\/2021\/08\/21_HOKI_Image07_M.jpg 532w, http:\/\/711lab.com\/wp-content\/uploads\/2021\/08\/21_HOKI_Image07_M-300x146.jpg 300w, http:\/\/711lab.com\/wp-content\/uploads\/2021\/08\/21_HOKI_Image07_M-200x97.jpg 200w, http:\/\/711lab.com\/wp-content\/uploads\/2021\/08\/21_HOKI_Image07_M-430x209.jpg 430w\" sizes=\"auto, (max-width: 532px) 100vw, 532px\" \/>&nbsp;<\/p>\n<p class=\"p1\"><span class=\"s1\">Eingebettet in diese \u00fcbergeordneten Freir\u00e4ume ordnen sich kompakte und gemischte Quartiere bzw. Nachbarschaften mit einem produktivem Schwerpunkt im Norden (Hafenquartier), einer urbanen Mischung im zentralen Bereich (F\u00f6rdequartier) sowie einem Wohnungsschwerpunkt im S\u00fcden (Waldquartier). Im S\u00fcden wie im Norden werden klar ausformulierte Eingangssituationen mit Bezug auf die vorhandenen Strukturen ausgebildet. Die zu erhaltenden Bestandsbauten werden entsprechend ihrer Eignung als identit\u00e4tsstiftende Elemente in die st\u00e4dtebauliche Struktur integriert.<\/span><\/p>\n<p><img loading=\"lazy\" decoding=\"async\" class=\"alignnone wp-image-79 size-full\" src=\"http:\/\/711lab.com\/wp-content\/uploads\/2016\/11\/170113_711_line.jpg\" width=\"540\" height=\"1\" srcset=\"http:\/\/711lab.com\/wp-content\/uploads\/2016\/11\/170113_711_line.jpg 540w, http:\/\/711lab.com\/wp-content\/uploads\/2016\/11\/170113_711_line-150x1.jpg 150w, http:\/\/711lab.com\/wp-content\/uploads\/2016\/11\/170113_711_line-300x1.jpg 300w, http:\/\/711lab.com\/wp-content\/uploads\/2016\/11\/170113_711_line-220x1.jpg 220w, http:\/\/711lab.com\/wp-content\/uploads\/2016\/11\/170113_711_line-200x1.jpg 200w, http:\/\/711lab.com\/wp-content\/uploads\/2016\/11\/170113_711_line-430x1.jpg 430w\" sizes=\"auto, (max-width: 540px) 100vw, 540px\" \/><\/p>\n<p><img loading=\"lazy\" decoding=\"async\" class=\"alignnone size-full wp-image-6324\" src=\"http:\/\/711lab.com\/wp-content\/uploads\/2021\/08\/21_HOKI_Image05_M.jpg\" alt=\"\" width=\"532\" height=\"231\" srcset=\"http:\/\/711lab.com\/wp-content\/uploads\/2021\/08\/21_HOKI_Image05_M.jpg 532w, http:\/\/711lab.com\/wp-content\/uploads\/2021\/08\/21_HOKI_Image05_M-300x130.jpg 300w, http:\/\/711lab.com\/wp-content\/uploads\/2021\/08\/21_HOKI_Image05_M-200x87.jpg 200w, http:\/\/711lab.com\/wp-content\/uploads\/2021\/08\/21_HOKI_Image05_M-430x187.jpg 430w\" sizes=\"auto, (max-width: 532px) 100vw, 532px\" \/><\/p>\n<p><img loading=\"lazy\" decoding=\"async\" class=\"alignnone wp-image-79 size-full\" src=\"http:\/\/711lab.com\/wp-content\/uploads\/2016\/11\/170113_711_line.jpg\" width=\"540\" height=\"1\" srcset=\"http:\/\/711lab.com\/wp-content\/uploads\/2016\/11\/170113_711_line.jpg 540w, http:\/\/711lab.com\/wp-content\/uploads\/2016\/11\/170113_711_line-150x1.jpg 150w, http:\/\/711lab.com\/wp-content\/uploads\/2016\/11\/170113_711_line-300x1.jpg 300w, http:\/\/711lab.com\/wp-content\/uploads\/2016\/11\/170113_711_line-220x1.jpg 220w, http:\/\/711lab.com\/wp-content\/uploads\/2016\/11\/170113_711_line-200x1.jpg 200w, http:\/\/711lab.com\/wp-content\/uploads\/2016\/11\/170113_711_line-430x1.jpg 430w\" sizes=\"auto, (max-width: 540px) 100vw, 540px\" \/><\/p>\n<table style=\"height: 120px;\" width=\"630\">\n<tbody>\n<tr>\n<td width=\"100\">Entwurf:<\/td>\n<td style=\"text-align: left;\" width=\"440\">2021<\/td>\n<\/tr>\n<tr>\n<td>Fl\u00e4che:<\/td>\n<td><span class=\"s1\">ca. 92 ha (Ingesamt) &#8211; ca. 78 ha (Landfl\u00e4che)<\/span><\/td>\n<\/tr>\n<tr>\n<td style=\"vertical-align: top;\">Programm:<\/td>\n<td>Entwicklung eines st\u00e4dtebaulichen Gesamtkonzepts im Rahmen eines st\u00e4dtebaulich-freiraumplanerischen Realisierungswettbewerbs<\/td>\n<\/tr>\n<tr>\n<td>Auftraggeber:<\/td>\n<td><span class=\"s1\">Landeshauptstadt Kiel, Stadtplanungsamt<\/span><\/td>\n<\/tr>\n<tr>\n<td>Freiraum:<\/td>\n<td><span class=\"s1\">bauchplan ).(, M\u00fcnchen\/Wien<\/span><\/td>\n<\/tr>\n<\/tbody>\n<\/table>\n<p><img loading=\"lazy\" decoding=\"async\" class=\"alignnone wp-image-79 size-full\" src=\"http:\/\/711lab.com\/wp-content\/uploads\/2016\/11\/170113_711_line.jpg\" width=\"540\" height=\"1\" srcset=\"http:\/\/711lab.com\/wp-content\/uploads\/2016\/11\/170113_711_line.jpg 540w, http:\/\/711lab.com\/wp-content\/uploads\/2016\/11\/170113_711_line-150x1.jpg 150w, http:\/\/711lab.com\/wp-content\/uploads\/2016\/11\/170113_711_line-300x1.jpg 300w, http:\/\/711lab.com\/wp-content\/uploads\/2016\/11\/170113_711_line-220x1.jpg 220w, http:\/\/711lab.com\/wp-content\/uploads\/2016\/11\/170113_711_line-200x1.jpg 200w, http:\/\/711lab.com\/wp-content\/uploads\/2016\/11\/170113_711_line-430x1.jpg 430w\" sizes=\"auto, (max-width: 540px) 100vw, 540px\" \/><\/p>\n\n\n<p><\/p>\n","protected":false},"excerpt":{"rendered":"<p>In Form eines st\u00e4dtebaulichen Gesamtkonzeptes, das Fragen zur Identit\u00e4t und Geschichte des Ortes, zum zuk\u00fcnftigen Arbeiten und Wohnen, sowie zu Klimaneutralit\u00e4t und nachhaltiger Mobilit\u00e4t&nbsp;beantwortet, wurde die Vision f\u00fcr \u201eHoltenau Ost\u201c in Form eines st\u00e4dtebaulichen Gesamtkonzeptes gesucht. Ein lebendiges Stadtquartier f\u00fcr<\/p>\n","protected":false},"author":2,"featured_media":6322,"comment_status":"open","ping_status":"open","sticky":false,"template":"","format":"standard","meta":{"footnotes":""},"categories":[34,2,11],"tags":[],"class_list":["post-6311","post","type-post","status-publish","format-standard","has-post-thumbnail","hentry","category-landschaft","category-staedtebau","category-wettbewerbe"],"_links":{"self":[{"href":"http:\/\/711lab.com\/index.php?rest_route=\/wp\/v2\/posts\/6311","targetHints":{"allow":["GET"]}}],"collection":[{"href":"http:\/\/711lab.com\/index.php?rest_route=\/wp\/v2\/posts"}],"about":[{"href":"http:\/\/711lab.com\/index.php?rest_route=\/wp\/v2\/types\/post"}],"author":[{"embeddable":true,"href":"http:\/\/711lab.com\/index.php?rest_route=\/wp\/v2\/users\/2"}],"replies":[{"embeddable":true,"href":"http:\/\/711lab.com\/index.php?rest_route=%2Fwp%2Fv2%2Fcomments&post=6311"}],"version-history":[{"count":30,"href":"http:\/\/711lab.com\/index.php?rest_route=\/wp\/v2\/posts\/6311\/revisions"}],"predecessor-version":[{"id":6773,"href":"http:\/\/711lab.com\/index.php?rest_route=\/wp\/v2\/posts\/6311\/revisions\/6773"}],"wp:featuredmedia":[{"embeddable":true,"href":"http:\/\/711lab.com\/index.php?rest_route=\/wp\/v2\/media\/6322"}],"wp:attachment":[{"href":"http:\/\/711lab.com\/index.php?rest_route=%2Fwp%2Fv2%2Fmedia&parent=6311"}],"wp:term":[{"taxonomy":"category","embeddable":true,"href":"http:\/\/711lab.com\/index.php?rest_route=%2Fwp%2Fv2%2Fcategories&post=6311"},{"taxonomy":"post_tag","embeddable":true,"href":"http:\/\/711lab.com\/index.php?rest_route=%2Fwp%2Fv2%2Ftags&post=6311"}],"curies":[{"name":"wp","href":"https:\/\/api.w.org\/{rel}","templated":true}]}}