{"id":6918,"date":"2023-11-15T13:06:00","date_gmt":"2023-11-15T12:06:00","guid":{"rendered":"http:\/\/711lab.com\/?p=6918"},"modified":"2024-03-20T16:23:55","modified_gmt":"2024-03-20T15:23:55","slug":"innovationsquartier-erlenbach","status":"publish","type":"post","link":"http:\/\/711lab.com\/?p=6918","title":{"rendered":"Innovationsquartier Stra\u00dfen\u00e4cker Erlenbach"},"content":{"rendered":"<p class=\"p1\"><b>Anerkennung! Wir haben beim st\u00e4dtebaulichen Planungswettbewerb mit landschaftplanerischem Ideenteil f\u00fcr das Innovationsquartier Stra\u00dfen\u00e4cker in Erlenbach eine Anerkennung erhalten. Gemeinsam mit unseren Partnern Hannes H\u00f6rr Landschaftsarchitektur und Gr\u00fcneWelle Landschaftsarchitektur freuen wir uns \u00fcber diesen Erfolg.<\/b><\/p>\n<p><!--more--><\/p>\n<p><span class=\"s1\">St\u00e4dtebaulicher Wettbewerb<\/span>, 2023<\/p>\n<p><img loading=\"lazy\" decoding=\"async\" class=\"alignnone size-full wp-image-79\" src=\"http:\/\/711lab.com\/wp-content\/uploads\/2016\/11\/170113_711_line.jpg\" alt=\"\" width=\"540\" height=\"1\" srcset=\"http:\/\/711lab.com\/wp-content\/uploads\/2016\/11\/170113_711_line.jpg 540w, http:\/\/711lab.com\/wp-content\/uploads\/2016\/11\/170113_711_line-150x1.jpg 150w, http:\/\/711lab.com\/wp-content\/uploads\/2016\/11\/170113_711_line-300x1.jpg 300w, http:\/\/711lab.com\/wp-content\/uploads\/2016\/11\/170113_711_line-220x1.jpg 220w, http:\/\/711lab.com\/wp-content\/uploads\/2016\/11\/170113_711_line-200x1.jpg 200w, http:\/\/711lab.com\/wp-content\/uploads\/2016\/11\/170113_711_line-430x1.jpg 430w\" sizes=\"auto, (max-width: 540px) 100vw, 540px\" \/><\/p>\n<figure id=\"attachment_6920\" aria-describedby=\"caption-attachment-6920\" style=\"width: 532px\" class=\"wp-caption alignleft\"><img loading=\"lazy\" decoding=\"async\" class=\"wp-image-6920 size-full\" src=\"http:\/\/711lab.com\/wp-content\/uploads\/2024\/02\/23_ISEB_Image01_M.jpg\" alt=\"\" width=\"532\" height=\"399\" \/><figcaption id=\"caption-attachment-6920\" class=\"wp-caption-text\">St\u00e4dtebaulicher Entwurf<\/figcaption><\/figure>\n<p>\u00a0<\/p>\n<p>\u00a0<\/p>\n<p>\u00a0<\/p>\n<p>\u00a0<\/p>\n<p>\u00a0<\/p>\n<p>\u00a0<\/p>\n<p>\u00a0<\/p>\n<p>\u00a0<\/p>\n<p style=\"font-weight: 400; text-align: left;\">\u00a0<\/p>\n<p style=\"font-weight: 400;\"><strong>LEITIDEE<\/strong><\/p>\n<p style=\"font-weight: 400;\">Ausgangspunkt unseres Entwurfs ist die neoeurop\u00e4ische Stadtlandschaft des 21. Jahrhunderts als von Menschen gepr\u00e4gter und genutzter Lebensraum. Wir wollen, dass auch kommende Generationen das Innovationsquartier mit seinen Geb\u00e4uden und Freir\u00e4umen nach ihren Bed\u00fcrfnissen nutzen k\u00f6nnen und gerne darin gesund und nachhaltig arbeiten und leben. Mischung, Dichte und N\u00e4he schaffen Zusammenhalt und reduzieren den Ressourcenverbrauch. Die Vision eines neuen Werksviertels bietet zukunftsf\u00e4hige und doch alltagstaugliche Arbeits- und Wohnwelten mit modellhaften Ans\u00e4tzen und Experimentierr\u00e4umen f\u00fcr ein gutes Leben in einem dynamischen Quartier mit gr\u00fcner, gerechter und produktiver Dimension. Stadtmetabolismus und Naturhaushalt werden als funktionale Ganzheit gedacht und entworfen<\/p>\n<figure id=\"attachment_6921\" aria-describedby=\"caption-attachment-6921\" style=\"width: 532px\" class=\"wp-caption alignleft\"><img loading=\"lazy\" decoding=\"async\" class=\"wp-image-6921 size-full\" src=\"http:\/\/711lab.com\/wp-content\/uploads\/2024\/02\/23_ISEB_Image02_M.jpg\" alt=\"\" width=\"532\" height=\"399\" \/><figcaption id=\"caption-attachment-6921\" class=\"wp-caption-text\">Strukturkonzept<\/figcaption><\/figure>\n<p>\u00a0<\/p>\n<p>\u00a0<\/p>\n<p>\u00a0<\/p>\n<p>\u00a0<\/p>\n<p>\u00a0<\/p>\n<p>\u00a0<\/p>\n<p>\u00a0<\/p>\n<p>\u00a0<\/p>\n<p style=\"font-weight: 400; text-align: left;\">\u00a0<\/p>\n<p style=\"font-weight: 400;\"><strong>EINBINDUNG IN DEN SIEDLUNGSKONTEXT UND IDEENTEIL<\/strong><\/p>\n<p style=\"font-weight: 400;\">Die Stra\u00dfen\u00e4cker liegen in den \u00fcberformten Talauen der Sulm. Die landschaftsr\u00e4umliche Bewegung der Sulm wird aufgegriffen, um stadtlandschaftliche Identit\u00e4t, interkommunale Vernetzung, Landschafts\u00f6kologie und Stadtmetabolismus in den Fluss einer Ganzheit zu bringen. Topografie, Fu\u00df- und Radwegebeziehungen, Wasserbewirtschaftung, Biotop- und Vegetationsstrukturen, Stadtb\u00e4ume und Freiraumstrukturen werden als koh\u00e4rente, von der Sulm ausgehenden Bewegung entworfen. Die Talauen streckt ihre F\u00fchler aus, bis ins Herz des Innovationsquartiers. Der halbe Schwung der Georg-Ohm-Stra\u00dfe wird fortgesetzt und vervollst\u00e4ndigt den alten und den neuen Siedlungsteil zu einem Hufeisen, dessen \u00d6ffnung nach S\u00fcdwesten den stadtlandschaftlichen \u00dcbergang in die Agrarlandschaft gestaltet. Das Hufeisen wird verpackt durch einen Geh\u00f6lzsaum, der den Stadtk\u00f6rper nach innen gliedert und nach au\u00dfen, zur offenen Flur und zur Autobahn hin puffert.<\/p>\n<figure id=\"attachment_6922\" aria-describedby=\"caption-attachment-6922\" style=\"width: 532px\" class=\"wp-caption alignleft\"><img loading=\"lazy\" decoding=\"async\" class=\"wp-image-6922 size-full\" src=\"http:\/\/711lab.com\/wp-content\/uploads\/2024\/02\/23_ISEB_Image04_M.jpg\" alt=\"\" width=\"532\" height=\"399\" \/><figcaption id=\"caption-attachment-6922\" class=\"wp-caption-text\">Perspektive<\/figcaption><\/figure>\n<p><img loading=\"lazy\" decoding=\"async\" class=\"alignnone wp-image-79 size-full\" src=\"http:\/\/711lab.com\/wp-content\/uploads\/2016\/11\/170113_711_line.jpg\" width=\"540\" height=\"1\" srcset=\"http:\/\/711lab.com\/wp-content\/uploads\/2016\/11\/170113_711_line.jpg 540w, http:\/\/711lab.com\/wp-content\/uploads\/2016\/11\/170113_711_line-150x1.jpg 150w, http:\/\/711lab.com\/wp-content\/uploads\/2016\/11\/170113_711_line-300x1.jpg 300w, http:\/\/711lab.com\/wp-content\/uploads\/2016\/11\/170113_711_line-220x1.jpg 220w, http:\/\/711lab.com\/wp-content\/uploads\/2016\/11\/170113_711_line-200x1.jpg 200w, http:\/\/711lab.com\/wp-content\/uploads\/2016\/11\/170113_711_line-430x1.jpg 430w\" sizes=\"auto, (max-width: 540px) 100vw, 540px\" \/><\/p>\n<p><img loading=\"lazy\" decoding=\"async\" class=\"alignnone wp-image-6923 size-full\" src=\"http:\/\/711lab.com\/wp-content\/uploads\/2024\/02\/23_ISEB_Image03_M.jpg\" alt=\"\" width=\"532\" height=\"399\" \/><\/p>\n<p><img loading=\"lazy\" decoding=\"async\" class=\"alignnone wp-image-79 size-full\" src=\"http:\/\/711lab.com\/wp-content\/uploads\/2016\/11\/170113_711_line.jpg\" width=\"540\" height=\"1\" srcset=\"http:\/\/711lab.com\/wp-content\/uploads\/2016\/11\/170113_711_line.jpg 540w, http:\/\/711lab.com\/wp-content\/uploads\/2016\/11\/170113_711_line-150x1.jpg 150w, http:\/\/711lab.com\/wp-content\/uploads\/2016\/11\/170113_711_line-300x1.jpg 300w, http:\/\/711lab.com\/wp-content\/uploads\/2016\/11\/170113_711_line-220x1.jpg 220w, http:\/\/711lab.com\/wp-content\/uploads\/2016\/11\/170113_711_line-200x1.jpg 200w, http:\/\/711lab.com\/wp-content\/uploads\/2016\/11\/170113_711_line-430x1.jpg 430w\" sizes=\"auto, (max-width: 540px) 100vw, 540px\" \/><\/p>\n<table style=\"height: 120px;\" width=\"630\">\n<tbody>\n<tr>\n<td style=\"vertical-align: top;\">Entwurf:<\/td>\n<td style=\"text-align: left;\" width=\"440\">2023<\/td>\n<\/tr>\n<tr>\n<td style=\"vertical-align: top;\">Fl\u00e4che:<\/td>\n<td>ca. 8,3 ha (ohne Ideenteil)<\/td>\n<\/tr>\n<tr>\n<td style=\"vertical-align: top;\">Ausloberin:<\/td>\n<td>Gemeinde Erlenbach<\/td>\n<\/tr>\n<tr>\n<td style=\"vertical-align: top;\">Partner:<\/td>\n<td><span class=\"s1\">Hannes H\u00f6rr Landschaftsarchitektur, Gr\u00fcneWelle Landschaftsarchitektur<\/span><\/td>\n<\/tr>\n<tr>\n<td style=\"vertical-align: top;\">\u00a0<\/td>\n<td>\u00a0<\/td>\n<\/tr>\n<\/tbody>\n<\/table>\n<p><img loading=\"lazy\" decoding=\"async\" class=\"alignnone wp-image-79 size-full\" src=\"http:\/\/711lab.com\/wp-content\/uploads\/2016\/11\/170113_711_line.jpg\" width=\"540\" height=\"1\" srcset=\"http:\/\/711lab.com\/wp-content\/uploads\/2016\/11\/170113_711_line.jpg 540w, http:\/\/711lab.com\/wp-content\/uploads\/2016\/11\/170113_711_line-150x1.jpg 150w, http:\/\/711lab.com\/wp-content\/uploads\/2016\/11\/170113_711_line-300x1.jpg 300w, http:\/\/711lab.com\/wp-content\/uploads\/2016\/11\/170113_711_line-220x1.jpg 220w, http:\/\/711lab.com\/wp-content\/uploads\/2016\/11\/170113_711_line-200x1.jpg 200w, http:\/\/711lab.com\/wp-content\/uploads\/2016\/11\/170113_711_line-430x1.jpg 430w\" sizes=\"auto, (max-width: 540px) 100vw, 540px\" \/><\/p>\n\n\n<p><\/p>\n","protected":false},"excerpt":{"rendered":"<p>Anerkennung! Wir haben beim st\u00e4dtebaulichen Planungswettbewerb mit landschaftplanerischem Ideenteil f\u00fcr das Innovationsquartier Stra\u00dfen\u00e4cker in Erlenbach eine Anerkennung erhalten. Gemeinsam mit unseren Partnern Hannes H\u00f6rr Landschaftsarchitektur und Gr\u00fcneWelle Landschaftsarchitektur freuen wir uns \u00fcber diesen Erfolg.<\/p>\n","protected":false},"author":2,"featured_media":6985,"comment_status":"closed","ping_status":"closed","sticky":false,"template":"","format":"standard","meta":{"footnotes":""},"categories":[34,2,11,1],"tags":[],"class_list":["post-6918","post","type-post","status-publish","format-standard","has-post-thumbnail","hentry","category-landschaft","category-staedtebau","category-wettbewerbe","category-_"],"_links":{"self":[{"href":"http:\/\/711lab.com\/index.php?rest_route=\/wp\/v2\/posts\/6918","targetHints":{"allow":["GET"]}}],"collection":[{"href":"http:\/\/711lab.com\/index.php?rest_route=\/wp\/v2\/posts"}],"about":[{"href":"http:\/\/711lab.com\/index.php?rest_route=\/wp\/v2\/types\/post"}],"author":[{"embeddable":true,"href":"http:\/\/711lab.com\/index.php?rest_route=\/wp\/v2\/users\/2"}],"replies":[{"embeddable":true,"href":"http:\/\/711lab.com\/index.php?rest_route=%2Fwp%2Fv2%2Fcomments&post=6918"}],"version-history":[{"count":7,"href":"http:\/\/711lab.com\/index.php?rest_route=\/wp\/v2\/posts\/6918\/revisions"}],"predecessor-version":[{"id":6993,"href":"http:\/\/711lab.com\/index.php?rest_route=\/wp\/v2\/posts\/6918\/revisions\/6993"}],"wp:featuredmedia":[{"embeddable":true,"href":"http:\/\/711lab.com\/index.php?rest_route=\/wp\/v2\/media\/6985"}],"wp:attachment":[{"href":"http:\/\/711lab.com\/index.php?rest_route=%2Fwp%2Fv2%2Fmedia&parent=6918"}],"wp:term":[{"taxonomy":"category","embeddable":true,"href":"http:\/\/711lab.com\/index.php?rest_route=%2Fwp%2Fv2%2Fcategories&post=6918"},{"taxonomy":"post_tag","embeddable":true,"href":"http:\/\/711lab.com\/index.php?rest_route=%2Fwp%2Fv2%2Ftags&post=6918"}],"curies":[{"name":"wp","href":"https:\/\/api.w.org\/{rel}","templated":true}]}}