{"id":7028,"date":"2025-12-08T16:10:46","date_gmt":"2025-12-08T15:10:46","guid":{"rendered":"http:\/\/711lab.com\/?p=7028"},"modified":"2025-12-08T16:15:35","modified_gmt":"2025-12-08T15:15:35","slug":"landschaftspark-helmstedter-revier","status":"publish","type":"post","link":"http:\/\/711lab.com\/?p=7028","title":{"rendered":"Landschaftspark Helmstedter Revier"},"content":{"rendered":"\n<!--more-->\n\n\n\n<p>Wir freuen uns \u00fcber einen Wettbewerbserfolg in Helmstedt! Unser gemeinsam mit\u00a0 Gl\u00fcck Landschaftsarchitektur erarbeiteter Entwurf &#8222;Landschaftspark Helmstedter Revier&#8220; wurde im Freiraumplanerischen und St\u00e4dtebaulichen Ideenwettbewerb mit dem 1. Preis ausgezeichnet.<\/p>\n\n\n\n<p>Freiraumplanerischer und St\u00e4dtebaulicher Ideenwettbewerb, 2025<\/p>\n\n\n\n<figure class=\"wp-block-image size-full alignnone wp-image-6758\"><img loading=\"lazy\" decoding=\"async\" width=\"532\" height=\"399\" src=\"http:\/\/711lab.com\/wp-content\/uploads\/2025\/06\/25_HRHE_Image11_M.jpg\" alt=\"\" class=\"wp-image-7036\"\/><figcaption class=\"wp-element-caption\">Lageplan<\/figcaption><\/figure>\n\n\n\n<p><strong>\u201eHelmstedter Loop\u201c<\/strong><\/p>\n\n\n\n<p>Der \u201eHelmstedter Loop\u201c erschlie\u00dft den neuen Landschaftspark und bindet ihn als \u201eKlammer\u201c zu einer erlebbaren Einheit zusammen. Die neu entstehenden Tagebauseen sind ebenfalls ein Artefakt des Braunkohleabbaus im Helmstedter Revier und dienen als Basis f\u00fcr die nachhaltige Entwicklung der gesamten Region. Sie werden in Zukunft wichtige touristische Anziehungspunkte innerhalb des Geoparks beziehungsweise des darin befindlichen Naturparks-Elm-Lappwald darstellen.&nbsp;<\/p>\n\n\n\n<p>Die vier Landschaftsb\u00e4nder LAPP. LAND | PRODUKTIV.LAND | ENERGIE.LAND | ELM.LAND zonieren den Landschaftspark. Aufgrund des steigenden Wasserspiegels des Lappwaldsees r\u00fcckt die Stadt Helmstedt n\u00e4her an das Wasser. Eine gr\u00fcne Promenade mit vielf\u00e4ltigen Spiel-, Sport-, und Aufenthaltsm\u00f6glichkeiten verkn\u00fcpft die historische Stadt mit dem See und bildet den Auftakt des Landschaftsclusters LAPP.LAND.&nbsp;<\/p>\n\n\n\n<figure class=\"wp-block-image size-full alignnone wp-image-6752\"><img loading=\"lazy\" decoding=\"async\" width=\"532\" height=\"399\" src=\"http:\/\/711lab.com\/wp-content\/uploads\/2025\/06\/25_HRHE_Image01_M.jpg\" alt=\"\" class=\"wp-image-7030\"\/><figcaption class=\"wp-element-caption\">Agrarcampus<\/figcaption><\/figure>\n\n\n\n<p>Die bereits bestehenden landwirtschaftlich genutzten Fl\u00e4chen werden im PRODUKTIV. LAND zusammengefasst und weiterentwickelt.  Im Agrarcampus vereinen sich innovative Landwirtschaft mit nachhaltiger und autarker Infrastruktur, Forschung zur nachhaltigen Lebensmittelversorgung sowie Bildungs- und Vermittlungsangebote. Die st\u00e4dtebauliche Struktur orientiert sich an den bestehenden landwirtschaftlichen Feldstrukturen. Die Bebauung basiert auf einer Streifenstruktur, die von einer zentralen Allmende ausgeht und sich an die landwirtschaftlichen Parzellen anpasst. Die Bebauung variiert dabei zwischen Gew\u00e4chshausstrukturen sowie Lager-und Logistikgeb\u00e4uden erg\u00e4nzt durch Forschungsbauten und Bildungsr\u00e4ume. Diese Elemente schaffen eine sichtbare produktive Landschaft, die sich innovativen Technologien und einer nachhaltigen Kreislaufwirtschaft widmet. Der Agrarcampus wird \u00fcber drei Schleifen mit effizienten Erschlie\u00dfungsstrukturen ausgehend von der Food-Meile mit Hofl\u00e4den zur regionalen Vermarktung von Erzeugnissen organisiert. Der Agrarcampus ist hinsichtlich seiner Energieversorgung und Wasserkreisl\u00e4ufe autark.&nbsp;<\/p>\n\n\n\n<p><\/p>\n\n\n\n<figure class=\"wp-block-image size-full\"><img loading=\"lazy\" decoding=\"async\" width=\"532\" height=\"399\" src=\"http:\/\/711lab.com\/wp-content\/uploads\/2025\/06\/25_HRHE_Image09_M.jpg\" alt=\"\" class=\"wp-image-7033\"\/><\/figure>\n\n\n\n<p>Durch Umnutzung und Weiterentwicklung entsteht ausgehend vom bestehenden Kraftwerksstandort ein neuer Technologiecampus als weitere INNOVATIONSZELLE mit kompakter Bebauung und hybriden Geb\u00e4udetypen unter Weiternutzung der bestehenden Infrastruktur f\u00fcr die Ansiedlung neuer und zukunftstr\u00e4chtiger Unternehmen mit Fokus auf Energiewirtschaft und erneuerbare Energien. Das PRODUKTIV.LAND. Das st\u00e4dtebauliche Konzept verfolgt das Ziel hybride Geb\u00e4udetypen mit flexiblen Strukturen und anpassbaren Bautypologien zu schaffen. Die programmatische Offenheit erlaubt es, flexibel bebaubare Parzellen zwischen 2.500 m\u00b2 und 7.000 m\u00b2 mit vertikaler Nutzungsmischung aus Produktion, Forschung &amp; Entwicklung sowie B\u00fcro &amp; Verwaltung f\u00fcr unterschiedlichste Betriebsgr\u00f6\u00dfen vom Startup bis hin zum etablierten Weltmarktspieler auszuweisen. Erg\u00e4nzend finden sich Einrichtungen f\u00fcr soziale Infrastruktur und Bildungsangebote zur nachhaltigen Entwicklung, die zusammen mit dem Angebot an \u00f6ffentlichen R\u00e4umen den Quartierscharakter st\u00e4rken. Ein zentraler Erschlie\u00dfungsloop sorgt f\u00fcr eine effiziente Anbindung des Quartiers an die Bundesstra\u00dfe 244. Das Quartier wird \u00fcber zwei Hauptzug\u00e4nge erschlossen. Durch \u00f6ffentliche Gr\u00fcnfugen und Pl\u00e4tze entsteht eine nat\u00fcrliche Verzahnung zwischen urbanen und landschaftlichen Strukturen, welche eine hohe Aufenthaltsqualit\u00e4ten im Technologiecampus bieten. Die Bebauung wird in unterschiedliche Freiraumfugen eingebettet, wodurch die vermeintliche Dichotomie zwischen Stadt und Landschaft aufgel\u00f6st wird. Urbane und gr\u00fcnr\u00e4umliche Qualit\u00e4ten werden miteinander verwoben, sodass eine dynamische, durchgr\u00fcnte Quartiersstruktur entsteht, die bedarfsgerecht und klimaresilient entwickelt werden kann. Mit dem Technologiecampus wird ein Entwicklungsschwerpunkt geschaffen, der Innovation und Anpassungsf\u00e4higkeit mit hoher st\u00e4dtebaulicher und landschaftlicher Qualit\u00e4t vereint.&nbsp;<\/p>\n\n\n\n<figure class=\"wp-block-image size-full alignnone wp-image-6755\"><img loading=\"lazy\" decoding=\"async\" width=\"532\" height=\"399\" src=\"http:\/\/711lab.com\/wp-content\/uploads\/2025\/06\/25_HRHE_Image02_M.jpg\" alt=\"\" class=\"wp-image-7034\"\/><figcaption class=\"wp-element-caption\">Schwerpunktraum Natur<\/figcaption><\/figure>\n\n\n\n<figure class=\"wp-block-image size-full alignnone wp-image-6755\"><img loading=\"lazy\" decoding=\"async\" width=\"532\" height=\"399\" src=\"http:\/\/711lab.com\/wp-content\/uploads\/2025\/06\/25_HRHE_Image10_M-1.jpg\" alt=\"\" class=\"wp-image-7038\"\/><figcaption class=\"wp-element-caption\">Visualisierungen<\/figcaption><\/figure>\n\n\n\n<figure class=\"wp-block-table\"><table class=\"has-fixed-layout\"><tbody><tr><td>Entwurf:<\/td><td>2025<\/td><\/tr><tr><td>Fl\u00e4che:<\/td><td>ca. 4.500ha (Ingesamt) <\/td><\/tr><tr><td>Programm:<\/td><td>Entwicklung eines freiraumplanerischen und  st\u00e4dtebaulichen Gesamtkonzepts im Rahmen eines Ideenwettbewerbs<\/td><\/tr><tr><td>Auftraggeber:<\/td><td><br>Planungsverband Buschhaus &amp; Regionalverband Gro\u00dfraum Braunschweig<\/td><\/tr><tr><td>Partner:<\/td><td>Gl\u00fcck Landschaftsarchitektur<br>a.elsayed-illustration<\/td><\/tr><\/tbody><\/table><\/figure>\n","protected":false},"excerpt":{"rendered":"","protected":false},"author":2,"featured_media":7036,"comment_status":"closed","ping_status":"closed","sticky":false,"template":"","format":"standard","meta":{"footnotes":""},"categories":[34,2,11,1],"tags":[],"class_list":["post-7028","post","type-post","status-publish","format-standard","has-post-thumbnail","hentry","category-landschaft","category-staedtebau","category-wettbewerbe","category-_"],"_links":{"self":[{"href":"http:\/\/711lab.com\/index.php?rest_route=\/wp\/v2\/posts\/7028","targetHints":{"allow":["GET"]}}],"collection":[{"href":"http:\/\/711lab.com\/index.php?rest_route=\/wp\/v2\/posts"}],"about":[{"href":"http:\/\/711lab.com\/index.php?rest_route=\/wp\/v2\/types\/post"}],"author":[{"embeddable":true,"href":"http:\/\/711lab.com\/index.php?rest_route=\/wp\/v2\/users\/2"}],"replies":[{"embeddable":true,"href":"http:\/\/711lab.com\/index.php?rest_route=%2Fwp%2Fv2%2Fcomments&post=7028"}],"version-history":[{"count":3,"href":"http:\/\/711lab.com\/index.php?rest_route=\/wp\/v2\/posts\/7028\/revisions"}],"predecessor-version":[{"id":7043,"href":"http:\/\/711lab.com\/index.php?rest_route=\/wp\/v2\/posts\/7028\/revisions\/7043"}],"wp:featuredmedia":[{"embeddable":true,"href":"http:\/\/711lab.com\/index.php?rest_route=\/wp\/v2\/media\/7036"}],"wp:attachment":[{"href":"http:\/\/711lab.com\/index.php?rest_route=%2Fwp%2Fv2%2Fmedia&parent=7028"}],"wp:term":[{"taxonomy":"category","embeddable":true,"href":"http:\/\/711lab.com\/index.php?rest_route=%2Fwp%2Fv2%2Fcategories&post=7028"},{"taxonomy":"post_tag","embeddable":true,"href":"http:\/\/711lab.com\/index.php?rest_route=%2Fwp%2Fv2%2Ftags&post=7028"}],"curies":[{"name":"wp","href":"https:\/\/api.w.org\/{rel}","templated":true}]}}